{"id":1017,"date":"2022-02-20T21:34:10","date_gmt":"2022-02-20T20:34:10","guid":{"rendered":"https:\/\/www.federicoboscolo.it\/?p=1017"},"modified":"2022-02-21T17:35:38","modified_gmt":"2022-02-21T16:35:38","slug":"il-tiramigiu","status":"publish","type":"post","link":"https:\/\/www.federicoboscolo.it\/index.php\/2022\/02\/20\/il-tiramigiu\/","title":{"rendered":"IL TIRAMIGI\u00d9"},"content":{"rendered":"\n<p>Dieta e dolci sono due parole che hanno in comune solo la D iniziale&#8230; Se poi aggiungiamo che in questo momento Jennifer ha anche qualche restrizione extra sugli alimenti come fare allora a mettere insieme un dolce scartando tutto quello che non \u00e8 ammesso? Bene, ci siamo inventati il tiramigi\u00f9 \ud83d\ude04<\/p>\n\n\n\n<figure class=\"wp-block-image size-large\"><img fetchpriority=\"high\" decoding=\"async\" width=\"1024\" height=\"768\" src=\"https:\/\/www.federicoboscolo.it\/wp-content\/uploads\/2022\/02\/20220220_210823-01-1024x768.jpeg\" alt=\"\" class=\"wp-image-1018\" srcset=\"https:\/\/www.federicoboscolo.it\/wp-content\/uploads\/2022\/02\/20220220_210823-01-1024x768.jpeg 1024w, https:\/\/www.federicoboscolo.it\/wp-content\/uploads\/2022\/02\/20220220_210823-01-scaled-600x450.jpeg 600w, https:\/\/www.federicoboscolo.it\/wp-content\/uploads\/2022\/02\/20220220_210823-01-300x225.jpeg 300w, https:\/\/www.federicoboscolo.it\/wp-content\/uploads\/2022\/02\/20220220_210823-01-768x576.jpeg 768w, https:\/\/www.federicoboscolo.it\/wp-content\/uploads\/2022\/02\/20220220_210823-01-1536x1152.jpeg 1536w, https:\/\/www.federicoboscolo.it\/wp-content\/uploads\/2022\/02\/20220220_210823-01-2048x1536.jpeg 2048w\" sizes=\"(max-width: 1024px) 100vw, 1024px\" \/><\/figure>\n\n\n\n<p>Lei lo ha interpretato in un modo, io in un altro&#8230; Strati alternati di biscotto savoiardo imbevuto nel caff\u00e8 di cicoria (il caff\u00e8 standard \u00e8 al momento bandito) corretto al brandy e crema fatta con ricotta addolcita al miele&#8230;<\/p>\n\n\n\n<p>Il risultato? Apprezzabile, migliorabile ma con una buona base di partenza!<\/p>\n","protected":false},"excerpt":{"rendered":"<p>Dieta e dolci sono due parole che hanno in comune solo la D iniziale&#8230; Se poi aggiungiamo che in questo momento Jennifer ha anche qualche restrizione extra sugli alimenti come fare allora a mettere insieme un dolce scartando tutto quello che non \u00e8 ammesso? Bene, ci siamo inventati il tiramigi\u00f9 \ud83d\ude04 Lei lo ha interpretato [&hellip;]<\/p>\n","protected":false},"author":2,"featured_media":1018,"comment_status":"open","ping_status":"open","sticky":false,"template":"","format":"standard","meta":{"ngg_post_thumbnail":0,"footnotes":""},"categories":[8],"tags":[200,199,198],"class_list":["post-1017","post","type-post","status-publish","format-standard","has-post-thumbnail","hentry","category-altro","tag-cuoco-dilettante","tag-tiramigiu","tag-tiramisu-alternativo"],"_links":{"self":[{"href":"https:\/\/www.federicoboscolo.it\/index.php\/wp-json\/wp\/v2\/posts\/1017","targetHints":{"allow":["GET"]}}],"collection":[{"href":"https:\/\/www.federicoboscolo.it\/index.php\/wp-json\/wp\/v2\/posts"}],"about":[{"href":"https:\/\/www.federicoboscolo.it\/index.php\/wp-json\/wp\/v2\/types\/post"}],"author":[{"embeddable":true,"href":"https:\/\/www.federicoboscolo.it\/index.php\/wp-json\/wp\/v2\/users\/2"}],"replies":[{"embeddable":true,"href":"https:\/\/www.federicoboscolo.it\/index.php\/wp-json\/wp\/v2\/comments?post=1017"}],"version-history":[{"count":2,"href":"https:\/\/www.federicoboscolo.it\/index.php\/wp-json\/wp\/v2\/posts\/1017\/revisions"}],"predecessor-version":[{"id":1022,"href":"https:\/\/www.federicoboscolo.it\/index.php\/wp-json\/wp\/v2\/posts\/1017\/revisions\/1022"}],"wp:featuredmedia":[{"embeddable":true,"href":"https:\/\/www.federicoboscolo.it\/index.php\/wp-json\/wp\/v2\/media\/1018"}],"wp:attachment":[{"href":"https:\/\/www.federicoboscolo.it\/index.php\/wp-json\/wp\/v2\/media?parent=1017"}],"wp:term":[{"taxonomy":"category","embeddable":true,"href":"https:\/\/www.federicoboscolo.it\/index.php\/wp-json\/wp\/v2\/categories?post=1017"},{"taxonomy":"post_tag","embeddable":true,"href":"https:\/\/www.federicoboscolo.it\/index.php\/wp-json\/wp\/v2\/tags?post=1017"}],"curies":[{"name":"wp","href":"https:\/\/api.w.org\/{rel}","templated":true}]}}