{"id":1261,"date":"2022-04-28T00:00:00","date_gmt":"2022-04-27T22:00:00","guid":{"rendered":"https:\/\/www.federicoboscolo.it\/?p=1261"},"modified":"2022-04-21T14:41:32","modified_gmt":"2022-04-21T12:41:32","slug":"giornata-internazionale-della-sicurezza-sul-lavoro","status":"publish","type":"post","link":"https:\/\/www.federicoboscolo.it\/index.php\/2022\/04\/28\/giornata-internazionale-della-sicurezza-sul-lavoro\/","title":{"rendered":"GIORNATA INTERNAZIONALE DELLA SICUREZZA SUL LAVORO"},"content":{"rendered":"\n<p>Undici operai che consumano il pranzo seduti su una trave sospesa a 250 metri d&#8217;altezza\u2026 Era il 1932 quando questa foto chiamata &#8220;Lunch atop a skyscraper&#8221; fu stampata sulle pagine del supplemento domenicale del New York Herald Tribune. La foto \u00e8 stata fatta sulle impalcature del Rockefeller Center di New York. La foto aveva soprattutto una funzione di marketing: mostrare al mondo l\u2019imperiosa costruzione del Rockefeller Center, che ancora oggi \u00e8 uno dei luoghi simbolo di New York. Per questo erano presenti diversi fotografi, in un &#8220;evento&#8221; organizzato. Gli operai per\u00f2 sono veri e anche l\u2019altezza lo \u00e8: la trave d\u2019acciaio che fa da panchina di fortuna \u00e8 sospesa al 69esimo piano&#8230; Un&#8217;immagine simbolo anche delle condizioni di lavoro dell&#8217;epoca.<\/p>\n\n\n\n<div class=\"wp-block-image is-style-default\"><figure class=\"aligncenter size-full is-resized\"><img fetchpriority=\"high\" decoding=\"async\" src=\"https:\/\/www.federicoboscolo.it\/wp-content\/uploads\/2022\/04\/operai-lavoro.jpg\" alt=\"\" class=\"wp-image-1262\" width=\"444\" height=\"313\" srcset=\"https:\/\/www.federicoboscolo.it\/wp-content\/uploads\/2022\/04\/operai-lavoro.jpg 1024w, https:\/\/www.federicoboscolo.it\/wp-content\/uploads\/2022\/04\/operai-lavoro-300x212.jpg 300w, https:\/\/www.federicoboscolo.it\/wp-content\/uploads\/2022\/04\/operai-lavoro-768x542.jpg 768w, https:\/\/www.federicoboscolo.it\/wp-content\/uploads\/2022\/04\/operai-lavoro-600x424.jpg 600w\" sizes=\"(max-width: 444px) 100vw, 444px\" \/><\/figure><\/div>\n\n\n\n<p>Oggi la tecnologia, le leggi e la conoscenza dovrebbero portarci a lavorare in ambienti pi\u00f9 sicuri e ridurre notevolmente gli incidenti sul lavoro ma nel 2021, le denunce presentate all\u2019INAIL sono state ben 555236 e rispetto al 2020 sono 896 in pi\u00f9 (occorre considerare che la pandemia ha falsato ancora i dati perch\u00e9 alcune attivit\u00e0 erano a regime ridotto se non sospeso). Un aumento viene riscontrato negli incidenti in itinere, nel tragitto di andata e ritorno tra l\u2019abitazione e il luogo di lavoro a 80389 con un incremento del 29% (fate attenzione quando guidate, io per primo la mattina non so se mi trovo su una strada o su un circuito&#8230;)<\/p>\n\n\n\n<p>Le denunce di infortunio sul lavoro con esito mortale presentate all&#8217;Inail nel 2021 sono state 1221 ovvero 49 in meno rispetto alle 1270 registrate nel 2020 ma anche qui i dati sono falsati dalla pandemia. Resta comunque un dato che fa riflettere: <strong><em>la media \u00e8 superiore a 3 morti al giorno<\/em><\/strong> sul lavoro&#8230;<\/p>\n\n\n\n<div class=\"wp-block-image is-style-rounded\"><figure class=\"aligncenter\"><img decoding=\"async\" src=\"http:\/\/www.repstatic.it\/content\/localirep\/img\/rep-milano\/2017\/09\/11\/152829069-91518290-ef07-497f-8078-c323bab42f7e.jpg\" alt=\"Tragedia sul lavoro a Milano, crolla il ponteggio nel condominio: operaio  precipita e muore - Necrologie La Repubblica\"\/><\/figure><\/div>\n","protected":false},"excerpt":{"rendered":"<p>Undici operai che consumano il pranzo seduti su una trave sospesa a 250 metri d&#8217;altezza\u2026 Era il 1932 quando questa foto chiamata &#8220;Lunch atop a skyscraper&#8221; fu stampata sulle pagine del supplemento domenicale del New York Herald Tribune. La foto \u00e8 stata fatta sulle impalcature del Rockefeller Center di New York. La foto aveva soprattutto [&hellip;]<\/p>\n","protected":false},"author":2,"featured_media":1262,"comment_status":"open","ping_status":"open","sticky":false,"template":"","format":"standard","meta":{"ngg_post_thumbnail":0,"footnotes":""},"categories":[8,197],"tags":[239,240,238],"class_list":["post-1261","post","type-post","status-publish","format-standard","has-post-thumbnail","hentry","category-altro","category-il-mio-lavoro","tag-incidenti-sul-lavoro","tag-morti-sul-lavoro","tag-sicurezza-sul-lavoro"],"_links":{"self":[{"href":"https:\/\/www.federicoboscolo.it\/index.php\/wp-json\/wp\/v2\/posts\/1261","targetHints":{"allow":["GET"]}}],"collection":[{"href":"https:\/\/www.federicoboscolo.it\/index.php\/wp-json\/wp\/v2\/posts"}],"about":[{"href":"https:\/\/www.federicoboscolo.it\/index.php\/wp-json\/wp\/v2\/types\/post"}],"author":[{"embeddable":true,"href":"https:\/\/www.federicoboscolo.it\/index.php\/wp-json\/wp\/v2\/users\/2"}],"replies":[{"embeddable":true,"href":"https:\/\/www.federicoboscolo.it\/index.php\/wp-json\/wp\/v2\/comments?post=1261"}],"version-history":[{"count":1,"href":"https:\/\/www.federicoboscolo.it\/index.php\/wp-json\/wp\/v2\/posts\/1261\/revisions"}],"predecessor-version":[{"id":1263,"href":"https:\/\/www.federicoboscolo.it\/index.php\/wp-json\/wp\/v2\/posts\/1261\/revisions\/1263"}],"wp:featuredmedia":[{"embeddable":true,"href":"https:\/\/www.federicoboscolo.it\/index.php\/wp-json\/wp\/v2\/media\/1262"}],"wp:attachment":[{"href":"https:\/\/www.federicoboscolo.it\/index.php\/wp-json\/wp\/v2\/media?parent=1261"}],"wp:term":[{"taxonomy":"category","embeddable":true,"href":"https:\/\/www.federicoboscolo.it\/index.php\/wp-json\/wp\/v2\/categories?post=1261"},{"taxonomy":"post_tag","embeddable":true,"href":"https:\/\/www.federicoboscolo.it\/index.php\/wp-json\/wp\/v2\/tags?post=1261"}],"curies":[{"name":"wp","href":"https:\/\/api.w.org\/{rel}","templated":true}]}}