{"id":2201,"date":"2022-09-25T06:38:00","date_gmt":"2022-09-25T04:38:00","guid":{"rendered":"https:\/\/www.federicoboscolo.it\/?p=2201"},"modified":"2022-09-26T03:18:10","modified_gmt":"2022-09-26T01:18:10","slug":"aerei-e-fulmini","status":"publish","type":"post","link":"https:\/\/www.federicoboscolo.it\/index.php\/2022\/09\/25\/aerei-e-fulmini\/","title":{"rendered":"AEREI E FULMINI"},"content":{"rendered":"\n<p>Leggendo il Corriere della sera sono incappato in questo <a href=\"https:\/\/corrieredelmezzogiorno.corriere.it\/bari\/cronaca\/22_settembre_25\/fulmine-colpisce-aereo-diretto-napoli-atterraggio-d-emergenza-bari-passeggeri-illesi-e61536da-3cf9-11ed-ab1b-3a824b702907.shtml\" target=\"_blank\" rel=\"noreferrer noopener\">articolo<\/a> dal titolo &#8220;Fulmine colpisce un aereo diretto a Napoli: atterraggio d\u2019emergenza a Bari, passeggeri illesi&#8221;<\/p>\n\n\n\n<p>Riassumendo: un aereo di linea \u00e8 stato colpito da un fulmine e ha dovuto effettuare un atterraggio di emergenza a Bari al posto che atterrare regolarmente a Napoli.<\/p>\n\n\n\n<p>Iniziamo a dire che il cambio destinazione \u00e8 avvenuto NON per problemi tecnici dell&#8217;aereo ma delle pessime condizioni meteo sull&#8217;aeroporto&#8230; poi che un aereo sia colpito da un fulmine non \u00e8 un evento cos\u00ec raro: pi\u00f9 o meno ogni 1000 ore di volo si ha questo evento. Ma questa situazione \u00e8 pericolosa per la sicurezza aerea?<\/p>\n\n\n\n<p>In prima battuta si pu\u00f2 dire che l&#8217;aereo, essendo interamente metallico, funziona come una gabbia di Faraday (la superficie dell&#8217;aereo costituisce un involucro in grado d&#8217;isolare l&#8217;ambiente interno da un qualunque campo elettrostatico presente al suo esterno indipendentemente dalla sua intensit\u00e0) quindi il fulmine \u00e8 agevolato nello &#8220;scivolare&#8221; via e proseguire la sua corsa verso terra.<\/p>\n\n\n<div class=\"wp-block-image\">\n<figure class=\"aligncenter size-full\"><img fetchpriority=\"high\" decoding=\"async\" width=\"774\" height=\"406\" src=\"https:\/\/www.federicoboscolo.it\/wp-content\/uploads\/2022\/09\/faradaycage1.jpg\" alt=\"\" class=\"wp-image-2204\" srcset=\"https:\/\/www.federicoboscolo.it\/wp-content\/uploads\/2022\/09\/faradaycage1.jpg 774w, https:\/\/www.federicoboscolo.it\/wp-content\/uploads\/2022\/09\/faradaycage1-300x157.jpg 300w, https:\/\/www.federicoboscolo.it\/wp-content\/uploads\/2022\/09\/faradaycage1-768x403.jpg 768w, https:\/\/www.federicoboscolo.it\/wp-content\/uploads\/2022\/09\/faradaycage1-600x315.jpg 600w\" sizes=\"(max-width: 774px) 100vw, 774px\" \/><\/figure><\/div>\n\n\n<p>A livello elettrico pu\u00f2 esserci il rischio che i fulmini danneggino la strumentazione elettronica a bordo ma i moderni jet commerciali, oltre ad avere sistemi ridondanti, hanno adeguate protezioni contro questi eventi. Dopo la rapida polarizzazione potrebbe essere quindi necessaria la ricalibrazione di qualche strumento come la bussola.<\/p>\n\n\n\n<p>A livello strutturale \u00e8 estremamente difficile che vi siano danni gravi in quanto, come detto prima, il fulmine scivola sulla struttura metallica esterna (o se in materiale composito, viene adeguatamente convogliata).<\/p>\n\n\n\n<p>A livello fisico il fulmine genera calore quindi \u00e8 abbastanza facile vedere qualche &#8220;abbrustolita&#8221; sulla superficie esterna nella zona di ingresso e di uscita del fulmine.<\/p>\n\n\n<div class=\"wp-block-image\">\n<figure class=\"aligncenter size-large is-resized\"><img decoding=\"async\" src=\"https:\/\/www.federicoboscolo.it\/wp-content\/uploads\/2022\/09\/easyjet-k8wH-U46100733187452liE-960x1280@CorriereMezzogiorno-Web-Mezzogiorno-768x1024.jpg\" alt=\"\" class=\"wp-image-2203\" width=\"247\" height=\"329\" srcset=\"https:\/\/www.federicoboscolo.it\/wp-content\/uploads\/2022\/09\/easyjet-k8wH-U46100733187452liE-960x1280@CorriereMezzogiorno-Web-Mezzogiorno-768x1024.jpg 768w, https:\/\/www.federicoboscolo.it\/wp-content\/uploads\/2022\/09\/easyjet-k8wH-U46100733187452liE-960x1280@CorriereMezzogiorno-Web-Mezzogiorno-225x300.jpg 225w, https:\/\/www.federicoboscolo.it\/wp-content\/uploads\/2022\/09\/easyjet-k8wH-U46100733187452liE-960x1280@CorriereMezzogiorno-Web-Mezzogiorno-600x800.jpg 600w, https:\/\/www.federicoboscolo.it\/wp-content\/uploads\/2022\/09\/easyjet-k8wH-U46100733187452liE-960x1280@CorriereMezzogiorno-Web-Mezzogiorno.jpg 960w\" sizes=\"(max-width: 247px) 100vw, 247px\" \/><\/figure><\/div>\n\n\n<p>A livello dinamico il fulmine non influisce sulla capacit\u00e0 di volo dell&#8217;aereo, discorso diverso per le turbolenze (correnti d\u2019aria ascendenti o discendenti responsabili di una variazione repentina della portanza, causando i tipici sobbalzi avvertiti dai passeggeri) che si creano all&#8217;interno della nube temporalesca che possono creare altri tipi di problemi&#8230;<\/p>\n\n\n\n<p>A livello fisiologico umano, quelli pi\u00f9 a rischio sono i membri della cabina che potrebbero avere cecit\u00e0 temporanea dovuta alla forte luce emessa dal fulmine ma nulla di invalidante e permanente.<\/p>\n\n\n\n<p>Ma non si poteva passare sopra il temporale? La quota di crociera \u00e8 di circa 11000m. I cumolonembi sono masse imponenti, di aspetto minaccioso, simili a montagne o torrioni a grande sviluppo verticale (limite inferiore della stratosfera, a quote dai 12000 ai 15000 metri) e sono le nubi che accompagnano manifestazioni temporalesche producendo sempre piogge e grandinate accompagnate da fulmini persistenti e da vento molto forte al suolo. Quindi non \u00e8 possibile sorvolarle.<\/p>\n\n\n<div class=\"wp-block-image\">\n<figure class=\"aligncenter size-full is-resized\"><img decoding=\"async\" src=\"https:\/\/www.federicoboscolo.it\/wp-content\/uploads\/2022\/09\/nubi.jpg\" alt=\"\" class=\"wp-image-2202\" width=\"337\" height=\"213\" srcset=\"https:\/\/www.federicoboscolo.it\/wp-content\/uploads\/2022\/09\/nubi.jpg 550w, https:\/\/www.federicoboscolo.it\/wp-content\/uploads\/2022\/09\/nubi-300x189.jpg 300w\" sizes=\"(max-width: 337px) 100vw, 337px\" \/><\/figure><\/div>\n\n\n<p>Chiaramente dopo essere stato colpito da un fulmine, aereo subir\u00e0 un processo ispettivo a terra per verificare p&#8217;assenza di danni e garantire la sicurezza del mezzo prima del prossimo volo.<\/p>\n\n\n\n<p>Per la cronaca, durante il decollo del razzo della missione Apollo 12, il vettore Saturno V fu colpito ben 2 volte dai fulmini a distanza di 16 secondi. La missione fin\u00ec con l&#8217;allunaggio e il il rientro senza problemi per l&#8217;equipaggio.<\/p>\n\n\n\n<p>Resta solo da spiegare come mai \u00e8 stato richiesto un atterraggio di emergenza da parte del comandante. Questo avviene quando un aereo deve necessariamente atterrare in una zona o in aeroporto diversi da quelli stabiliti in origine, nel momento in cui si presenta una circostanza imprevista o un pericolo che mette a serio rischio l\u2019incolumit\u00e0 dei passeggeri a bordo.\u00a0Possono essere distinti in<\/p>\n\n\n\n<ul class=\"wp-block-list\"><li><strong>atterraggio forzato<\/strong>: questo tipo di atterraggio \u00e8 legato ad un guasto tecnico che costringe il pilota ad atterrare il prima possibile e nel primo luogo adatto disponibile. In questo modo il pilota evita che la situazione si aggravi mettendo a rischio la vita dei passeggeri;<\/li><li><strong>atterraggio precauzionale<\/strong>: si verifica in seguito ad una situazione di pericolo di natura medica, tecnica, meteorologica o di sicurezza che spinge il pilota ad atterrare preventivamente per evitare che la situazione si aggravi ulteriormente e si verifichino conseguenze peggiori.<\/li><\/ul>\n\n\n\n<p>Un approfondimento sulle procedure lo trovate <a href=\"https:\/\/www.geopop.it\/atterraggi-di-emergenza-quale-procedura-devono-seguire-i-piloti\/\" target=\"_blank\" rel=\"noreferrer noopener\">qui su geopop<\/a>.<\/p>\n\n\n\n<p>Pertanto, essendo stato colpito da un fulmine e facendo prevalere le logiche della massima sicurezza e salvaguardia delle vite umane, avendo il dubbio che il fulmine possa aver creato qualche problema, \u00e8 stato dichiarata l&#8217;emergenza.<\/p>\n","protected":false},"excerpt":{"rendered":"<p>Leggendo il Corriere della sera sono incappato in questo articolo dal titolo &#8220;Fulmine colpisce un aereo diretto a Napoli: atterraggio d\u2019emergenza a Bari, passeggeri illesi&#8221; Riassumendo: un aereo di linea \u00e8 stato colpito da un fulmine e ha dovuto effettuare un atterraggio di emergenza a Bari al posto che atterrare regolarmente a Napoli. Iniziamo a [&hellip;]<\/p>\n","protected":false},"author":2,"featured_media":2205,"comment_status":"open","ping_status":"open","sticky":false,"template":"","format":"standard","meta":{"ngg_post_thumbnail":0,"footnotes":""},"categories":[8,45],"tags":[439,444,442,59,440,445],"class_list":["post-2201","post","type-post","status-publish","format-standard","has-post-thumbnail","hentry","category-altro","category-ingegneria","tag-aerei","tag-atterraggio-demergenza","tag-fulmini","tag-sicurezza","tag-sicurezza-del-volo","tag-turbolenza"],"_links":{"self":[{"href":"https:\/\/www.federicoboscolo.it\/index.php\/wp-json\/wp\/v2\/posts\/2201","targetHints":{"allow":["GET"]}}],"collection":[{"href":"https:\/\/www.federicoboscolo.it\/index.php\/wp-json\/wp\/v2\/posts"}],"about":[{"href":"https:\/\/www.federicoboscolo.it\/index.php\/wp-json\/wp\/v2\/types\/post"}],"author":[{"embeddable":true,"href":"https:\/\/www.federicoboscolo.it\/index.php\/wp-json\/wp\/v2\/users\/2"}],"replies":[{"embeddable":true,"href":"https:\/\/www.federicoboscolo.it\/index.php\/wp-json\/wp\/v2\/comments?post=2201"}],"version-history":[{"count":1,"href":"https:\/\/www.federicoboscolo.it\/index.php\/wp-json\/wp\/v2\/posts\/2201\/revisions"}],"predecessor-version":[{"id":2206,"href":"https:\/\/www.federicoboscolo.it\/index.php\/wp-json\/wp\/v2\/posts\/2201\/revisions\/2206"}],"wp:featuredmedia":[{"embeddable":true,"href":"https:\/\/www.federicoboscolo.it\/index.php\/wp-json\/wp\/v2\/media\/2205"}],"wp:attachment":[{"href":"https:\/\/www.federicoboscolo.it\/index.php\/wp-json\/wp\/v2\/media?parent=2201"}],"wp:term":[{"taxonomy":"category","embeddable":true,"href":"https:\/\/www.federicoboscolo.it\/index.php\/wp-json\/wp\/v2\/categories?post=2201"},{"taxonomy":"post_tag","embeddable":true,"href":"https:\/\/www.federicoboscolo.it\/index.php\/wp-json\/wp\/v2\/tags?post=2201"}],"curies":[{"name":"wp","href":"https:\/\/api.w.org\/{rel}","templated":true}]}}