{"id":2359,"date":"2023-02-06T07:30:00","date_gmt":"2023-02-06T06:30:00","guid":{"rendered":"https:\/\/www.federicoboscolo.it\/?p=2359"},"modified":"2023-02-05T16:37:25","modified_gmt":"2023-02-05T15:37:25","slug":"linarrestabile-turbostar","status":"publish","type":"post","link":"https:\/\/www.federicoboscolo.it\/index.php\/2023\/02\/06\/linarrestabile-turbostar\/","title":{"rendered":"L&#8217;INARRESTABILE TURBOSTAR"},"content":{"rendered":"\n<p>Stamattina, mentre mi dirigevo al lavoro, davanti a me sulla SS336 dell&#8217;Aeroporto di Malpensa avevo davanti un camion stracarico ma che viaggiava agevolmente al limite di velocit\u00e0. Mentre lo sorpassavo mi sono reso conto che era un vecchio Iveco Turbostar 190-48.<\/p>\n\n\n<div class=\"wp-block-image\">\n<figure class=\"aligncenter size-full\"><img fetchpriority=\"high\" decoding=\"async\" width=\"600\" height=\"450\" src=\"https:\/\/www.federicoboscolo.it\/wp-content\/uploads\/2022\/11\/mdx_img_8667.jpg\" alt=\"\" class=\"wp-image-2445\" srcset=\"https:\/\/www.federicoboscolo.it\/wp-content\/uploads\/2022\/11\/mdx_img_8667.jpg 600w, https:\/\/www.federicoboscolo.it\/wp-content\/uploads\/2022\/11\/mdx_img_8667-300x225.jpg 300w\" sizes=\"(max-width: 600px) 100vw, 600px\" \/><\/figure><\/div>\n\n\n<p>Per chi non \u00e8 appassionato del settore veicoli, il Turbostar \u00e8 stato un camion<strong> prodotto dalla Iveco tra il 1984 e il 1993<\/strong> destinato al trasporto merci pesanti. La sigla 190-48 indicava la versione trattore stradale a 2 assi (190) e la potenza del motore di 480CV (48). Per l&#8217;epoca in cui questo veicolo era prodotto, avere una potenza tale assieme a una coppia di 209 kgm a 1100 giri\/min significava essere un passo avanti alla concorrenza ma soprattutto essere il riferimento del mercato oltre che il desiderio di ogni camionista.<\/p>\n\n\n\n<p>Il motore era un V8 da 17000cm<sup>3<\/sup> con doppio turbocompressore e 4 valvole per cilindro che, all&#8217;esordio, aveva 420CV e dopo l&#8217;aggiornamento per affinare il motore, la IVECO aveva aggiunto l&#8217;intercooler (il sistema che permette di raffreddare l&#8217;aria compressa proveniente dal compressore abbassandone la temperatura e quindi agendo sulla densit\u00e0) di tipo aria-aria permettendo di ottenere il valore record per l&#8217;epoca di 480CV. A questo si aggiungeva la ventola di raffreddamento mossa da un motore idraulico a velocit\u00e0 variabile che significava maggiore capacit\u00e0 di raffreddamento, minore rumorosit\u00e0 ed un risparmio di energia.<\/p>\n\n\n<div class=\"wp-block-image\">\n<figure class=\"aligncenter size-full\"><img decoding=\"async\" width=\"480\" height=\"360\" src=\"https:\/\/www.federicoboscolo.it\/wp-content\/uploads\/2022\/11\/image-2.png\" alt=\"\" class=\"wp-image-2437\" srcset=\"https:\/\/www.federicoboscolo.it\/wp-content\/uploads\/2022\/11\/image-2.png 480w, https:\/\/www.federicoboscolo.it\/wp-content\/uploads\/2022\/11\/image-2-300x225.png 300w\" sizes=\"(max-width: 480px) 100vw, 480px\" \/><\/figure><\/div>\n\n\n<figure class=\"wp-block-image size-full\"><img decoding=\"async\" width=\"1024\" height=\"730\" src=\"https:\/\/www.federicoboscolo.it\/wp-content\/uploads\/2022\/11\/image-4.png\" alt=\"\" class=\"wp-image-2439\" srcset=\"https:\/\/www.federicoboscolo.it\/wp-content\/uploads\/2022\/11\/image-4.png 1024w, https:\/\/www.federicoboscolo.it\/wp-content\/uploads\/2022\/11\/image-4-300x214.png 300w, https:\/\/www.federicoboscolo.it\/wp-content\/uploads\/2022\/11\/image-4-768x548.png 768w, https:\/\/www.federicoboscolo.it\/wp-content\/uploads\/2022\/11\/image-4-600x428.png 600w\" sizes=\"(max-width: 1024px) 100vw, 1024px\" \/><\/figure>\n\n\n\n<p>Potenza e coppia venivano sfruttati al meglio da un cambio Eaton Fuller a 13 marce non sincronizzate (quindi per gli autisti con le palle perch\u00e8 se si sbagliava la cambiata si correva il rischio di doversi fermare e partire dalla prima marcia&#8230;) oppure da uno ZF Ecosplit a 16 marce. Questoi permetteva di affrontare i severi percorsi appenninici e i passi montani senza timore.<\/p>\n\n\n<div class=\"wp-block-image\">\n<figure class=\"aligncenter size-full\"><img loading=\"lazy\" decoding=\"async\" width=\"1024\" height=\"540\" src=\"https:\/\/www.federicoboscolo.it\/wp-content\/uploads\/2022\/10\/image-4.png\" alt=\"\" class=\"wp-image-2360\" srcset=\"https:\/\/www.federicoboscolo.it\/wp-content\/uploads\/2022\/10\/image-4.png 1024w, https:\/\/www.federicoboscolo.it\/wp-content\/uploads\/2022\/10\/image-4-300x158.png 300w, https:\/\/www.federicoboscolo.it\/wp-content\/uploads\/2022\/10\/image-4-768x405.png 768w, https:\/\/www.federicoboscolo.it\/wp-content\/uploads\/2022\/10\/image-4-600x316.png 600w\" sizes=\"(max-width: 1024px) 100vw, 1024px\" \/><figcaption class=\"wp-element-caption\"><em>Schema del Fuller 13 rapporti<\/em><\/figcaption><\/figure><\/div>\n\n<div class=\"wp-block-image\">\n<figure class=\"aligncenter size-full\"><img loading=\"lazy\" decoding=\"async\" width=\"568\" height=\"598\" src=\"https:\/\/www.federicoboscolo.it\/wp-content\/uploads\/2022\/10\/image-5.png\" alt=\"\" class=\"wp-image-2361\" srcset=\"https:\/\/www.federicoboscolo.it\/wp-content\/uploads\/2022\/10\/image-5.png 568w, https:\/\/www.federicoboscolo.it\/wp-content\/uploads\/2022\/10\/image-5-285x300.png 285w\" sizes=\"(max-width: 568px) 100vw, 568px\" \/><figcaption class=\"wp-element-caption\"><em>Schema dello ZF a 16 rapporti<\/em><\/figcaption><\/figure><\/div>\n\n\n<p>Il Turbostar non \u00e8 stato solo un capolavoro di meccanica motoristica ma anche un innovatore in termini di comfort per gli autisti dell&#8217;epoca: per migliorare la vita a bordo la plancia non era pi\u00f9 lineare ma pi\u00f9 &#8220;avvolgente&#8221; per permettere al conducente di raggiungere tutti i comandi pi\u00f9 agevolmente cos\u00ec come la cabina aveva ricevuto ore di studi e simulazioni per avere una miglior filtrazione delle vibrazioni a tutto vantaggio della schiena del conducente. Questo fece scuola anche per i suoi competitor che presero spunto soltanto anni dopo&#8230;<\/p>\n\n\n<div class=\"wp-block-image\">\n<figure class=\"aligncenter size-large\"><img loading=\"lazy\" decoding=\"async\" width=\"1024\" height=\"768\" src=\"https:\/\/www.federicoboscolo.it\/wp-content\/uploads\/2022\/11\/image-3-1024x768.png\" alt=\"\" class=\"wp-image-2438\" srcset=\"https:\/\/www.federicoboscolo.it\/wp-content\/uploads\/2022\/11\/image-3-1024x768.png 1024w, https:\/\/www.federicoboscolo.it\/wp-content\/uploads\/2022\/11\/image-3-300x225.png 300w, https:\/\/www.federicoboscolo.it\/wp-content\/uploads\/2022\/11\/image-3-768x576.png 768w, https:\/\/www.federicoboscolo.it\/wp-content\/uploads\/2022\/11\/image-3-600x450.png 600w, https:\/\/www.federicoboscolo.it\/wp-content\/uploads\/2022\/11\/image-3.png 1109w\" sizes=\"(max-width: 1024px) 100vw, 1024px\" \/><figcaption class=\"wp-element-caption\"><em>Interni del TurboStar<\/em><\/figcaption><\/figure><\/div>\n\n<div class=\"wp-block-image\">\n<figure class=\"aligncenter size-large\"><img loading=\"lazy\" decoding=\"async\" width=\"1024\" height=\"768\" src=\"https:\/\/www.federicoboscolo.it\/wp-content\/uploads\/2022\/10\/image-6-1024x768.png\" alt=\"\" class=\"wp-image-2362\" srcset=\"https:\/\/www.federicoboscolo.it\/wp-content\/uploads\/2022\/10\/image-6-1024x768.png 1024w, https:\/\/www.federicoboscolo.it\/wp-content\/uploads\/2022\/10\/image-6-300x225.png 300w, https:\/\/www.federicoboscolo.it\/wp-content\/uploads\/2022\/10\/image-6-768x576.png 768w, https:\/\/www.federicoboscolo.it\/wp-content\/uploads\/2022\/10\/image-6-600x450.png 600w, https:\/\/www.federicoboscolo.it\/wp-content\/uploads\/2022\/10\/image-6.png 1109w\" sizes=\"(max-width: 1024px) 100vw, 1024px\" \/><figcaption class=\"wp-element-caption\"><em>Cabina del TurboStar<\/em><\/figcaption><\/figure><\/div>\n\n<div class=\"wp-block-image\">\n<figure class=\"aligncenter size-full\"><img loading=\"lazy\" decoding=\"async\" width=\"463\" height=\"200\" src=\"https:\/\/www.federicoboscolo.it\/wp-content\/uploads\/2022\/10\/image-7.png\" alt=\"\" class=\"wp-image-2363\" srcset=\"https:\/\/www.federicoboscolo.it\/wp-content\/uploads\/2022\/10\/image-7.png 463w, https:\/\/www.federicoboscolo.it\/wp-content\/uploads\/2022\/10\/image-7-300x130.png 300w\" sizes=\"(max-width: 463px) 100vw, 463px\" \/><figcaption class=\"wp-element-caption\"><em>Cabina del Renaul Magnum AE (anno 1990)<\/em><\/figcaption><\/figure><\/div>\n\n<div class=\"wp-block-image\">\n<figure class=\"aligncenter size-full is-resized\"><img loading=\"lazy\" decoding=\"async\" src=\"https:\/\/www.federicoboscolo.it\/wp-content\/uploads\/2022\/11\/image-1.png\" alt=\"\" class=\"wp-image-2436\" width=\"531\" height=\"398\" srcset=\"https:\/\/www.federicoboscolo.it\/wp-content\/uploads\/2022\/11\/image-1.png 1024w, https:\/\/www.federicoboscolo.it\/wp-content\/uploads\/2022\/11\/image-1-300x225.png 300w, https:\/\/www.federicoboscolo.it\/wp-content\/uploads\/2022\/11\/image-1-768x576.png 768w, https:\/\/www.federicoboscolo.it\/wp-content\/uploads\/2022\/11\/image-1-600x450.png 600w\" sizes=\"(max-width: 531px) 100vw, 531px\" \/><figcaption class=\"wp-element-caption\">Scania Serie 3 (1987)<\/figcaption><\/figure><\/div>\n\n<div class=\"wp-block-image\">\n<figure class=\"aligncenter size-full is-resized\"><img loading=\"lazy\" decoding=\"async\" src=\"https:\/\/www.federicoboscolo.it\/wp-content\/uploads\/2022\/11\/image-6.png\" alt=\"\" class=\"wp-image-2450\" width=\"586\" height=\"440\" srcset=\"https:\/\/www.federicoboscolo.it\/wp-content\/uploads\/2022\/11\/image-6.png 950w, https:\/\/www.federicoboscolo.it\/wp-content\/uploads\/2022\/11\/image-6-300x225.png 300w, https:\/\/www.federicoboscolo.it\/wp-content\/uploads\/2022\/11\/image-6-768x576.png 768w, https:\/\/www.federicoboscolo.it\/wp-content\/uploads\/2022\/11\/image-6-600x450.png 600w\" sizes=\"(max-width: 586px) 100vw, 586px\" \/><figcaption class=\"wp-element-caption\"><em>Mercedes NGx85<\/em> (1985)<\/figcaption><\/figure><\/div>\n\n\n<p>Il TurboStar, in una sua declinazione con motore pi\u00f9 compatto da 260CV, \u00e8 stato anche la base per i  mezzi di soccorso dei Vigili del Fuoco, specialmente quelli realizzati dalla Carrozzeria Baribbi<\/p>\n\n\n\n<figure class=\"wp-block-image size-full\"><img loading=\"lazy\" decoding=\"async\" width=\"1024\" height=\"768\" src=\"https:\/\/www.federicoboscolo.it\/wp-content\/uploads\/2022\/11\/39627241801_34026a033f_b.jpg\" alt=\"\" class=\"wp-image-2441\" srcset=\"https:\/\/www.federicoboscolo.it\/wp-content\/uploads\/2022\/11\/39627241801_34026a033f_b.jpg 1024w, https:\/\/www.federicoboscolo.it\/wp-content\/uploads\/2022\/11\/39627241801_34026a033f_b-300x225.jpg 300w, https:\/\/www.federicoboscolo.it\/wp-content\/uploads\/2022\/11\/39627241801_34026a033f_b-768x576.jpg 768w, https:\/\/www.federicoboscolo.it\/wp-content\/uploads\/2022\/11\/39627241801_34026a033f_b-600x450.jpg 600w\" sizes=\"(max-width: 1024px) 100vw, 1024px\" \/><\/figure>\n\n\n<div class=\"wp-block-image\">\n<figure class=\"aligncenter size-large\"><img loading=\"lazy\" decoding=\"async\" width=\"1024\" height=\"683\" src=\"https:\/\/www.federicoboscolo.it\/wp-content\/uploads\/2022\/11\/resize-1024x683.gif\" alt=\"\" class=\"wp-image-2442\" srcset=\"https:\/\/www.federicoboscolo.it\/wp-content\/uploads\/2022\/11\/resize-1024x683.gif 1024w, https:\/\/www.federicoboscolo.it\/wp-content\/uploads\/2022\/11\/resize-300x200.gif 300w, https:\/\/www.federicoboscolo.it\/wp-content\/uploads\/2022\/11\/resize-768x512.gif 768w, https:\/\/www.federicoboscolo.it\/wp-content\/uploads\/2022\/11\/resize-600x400.gif 600w\" sizes=\"(max-width: 1024px) 100vw, 1024px\" \/><figcaption class=\"wp-element-caption\"><em>Trattore 190-48 con semirimorchio autobotte chilolitrica<\/em><\/figcaption><\/figure><\/div>\n\n\n<p>Infine, per celebrare il &#8220;mito&#8221; del TurboStar, la IVECO ha deciso sul nuovo S-Way di realizzare una versione speciale Turbostar (Motore Cursor 13 da12.9 litri da 570CV e 2500Nm di coppia).<\/p>\n\n\n<div class=\"wp-block-image\">\n<figure class=\"aligncenter size-full\"><img loading=\"lazy\" decoding=\"async\" width=\"678\" height=\"381\" src=\"https:\/\/www.federicoboscolo.it\/wp-content\/uploads\/2022\/11\/IVECO_TurboStar_Misano_2_a.jpg\" alt=\"\" class=\"wp-image-2443\" srcset=\"https:\/\/www.federicoboscolo.it\/wp-content\/uploads\/2022\/11\/IVECO_TurboStar_Misano_2_a.jpg 678w, https:\/\/www.federicoboscolo.it\/wp-content\/uploads\/2022\/11\/IVECO_TurboStar_Misano_2_a-300x169.jpg 300w, https:\/\/www.federicoboscolo.it\/wp-content\/uploads\/2022\/11\/IVECO_TurboStar_Misano_2_a-600x337.jpg 600w\" sizes=\"(max-width: 678px) 100vw, 678px\" \/><\/figure><\/div>\n\n\n<figure class=\"wp-block-image size-large\"><img loading=\"lazy\" decoding=\"async\" width=\"1024\" height=\"436\" src=\"https:\/\/www.federicoboscolo.it\/wp-content\/uploads\/2022\/11\/0002218-1024x436.jpeg\" alt=\"\" class=\"wp-image-2446\" srcset=\"https:\/\/www.federicoboscolo.it\/wp-content\/uploads\/2022\/11\/0002218-1024x436.jpeg 1024w, https:\/\/www.federicoboscolo.it\/wp-content\/uploads\/2022\/11\/0002218-300x128.jpeg 300w, https:\/\/www.federicoboscolo.it\/wp-content\/uploads\/2022\/11\/0002218-768x327.jpeg 768w, https:\/\/www.federicoboscolo.it\/wp-content\/uploads\/2022\/11\/0002218-600x255.jpeg 600w, https:\/\/www.federicoboscolo.it\/wp-content\/uploads\/2022\/11\/0002218.jpeg 1360w\" sizes=\"(max-width: 1024px) 100vw, 1024px\" \/><\/figure>\n","protected":false},"excerpt":{"rendered":"<p>Stamattina, mentre mi dirigevo al lavoro, davanti a me sulla SS336 dell&#8217;Aeroporto di Malpensa avevo davanti un camion stracarico ma che viaggiava agevolmente al limite di velocit\u00e0. Mentre lo sorpassavo mi sono reso conto che era un vecchio Iveco Turbostar 190-48. Per chi non \u00e8 appassionato del settore veicoli, il Turbostar \u00e8 stato un camion [&hellip;]<\/p>\n","protected":false},"author":2,"featured_media":2440,"comment_status":"open","ping_status":"open","sticky":false,"template":"","format":"standard","meta":{"ngg_post_thumbnail":0,"footnotes":""},"categories":[8],"tags":[567,568,569,565,570,566],"class_list":["post-2359","post","type-post","status-publish","format-standard","has-post-thumbnail","hentry","category-altro","tag-190-48","tag-anni-80","tag-camion","tag-iveco","tag-iveco-turbostar","tag-turbostar"],"_links":{"self":[{"href":"https:\/\/www.federicoboscolo.it\/index.php\/wp-json\/wp\/v2\/posts\/2359","targetHints":{"allow":["GET"]}}],"collection":[{"href":"https:\/\/www.federicoboscolo.it\/index.php\/wp-json\/wp\/v2\/posts"}],"about":[{"href":"https:\/\/www.federicoboscolo.it\/index.php\/wp-json\/wp\/v2\/types\/post"}],"author":[{"embeddable":true,"href":"https:\/\/www.federicoboscolo.it\/index.php\/wp-json\/wp\/v2\/users\/2"}],"replies":[{"embeddable":true,"href":"https:\/\/www.federicoboscolo.it\/index.php\/wp-json\/wp\/v2\/comments?post=2359"}],"version-history":[{"count":4,"href":"https:\/\/www.federicoboscolo.it\/index.php\/wp-json\/wp\/v2\/posts\/2359\/revisions"}],"predecessor-version":[{"id":2451,"href":"https:\/\/www.federicoboscolo.it\/index.php\/wp-json\/wp\/v2\/posts\/2359\/revisions\/2451"}],"wp:featuredmedia":[{"embeddable":true,"href":"https:\/\/www.federicoboscolo.it\/index.php\/wp-json\/wp\/v2\/media\/2440"}],"wp:attachment":[{"href":"https:\/\/www.federicoboscolo.it\/index.php\/wp-json\/wp\/v2\/media?parent=2359"}],"wp:term":[{"taxonomy":"category","embeddable":true,"href":"https:\/\/www.federicoboscolo.it\/index.php\/wp-json\/wp\/v2\/categories?post=2359"},{"taxonomy":"post_tag","embeddable":true,"href":"https:\/\/www.federicoboscolo.it\/index.php\/wp-json\/wp\/v2\/tags?post=2359"}],"curies":[{"name":"wp","href":"https:\/\/api.w.org\/{rel}","templated":true}]}}