{"id":816,"date":"2022-01-01T00:00:00","date_gmt":"2021-12-31T23:00:00","guid":{"rendered":"http:\/\/cbt.dyndns.org\/federicoboscolo\/?p=816"},"modified":"2022-01-01T00:18:28","modified_gmt":"2021-12-31T23:18:28","slug":"felice-anno-nuovo","status":"publish","type":"post","link":"https:\/\/www.federicoboscolo.it\/index.php\/2022\/01\/01\/felice-anno-nuovo\/","title":{"rendered":"FELICE ANNO NUOVO"},"content":{"rendered":"\n<p>Siamo arrivati alla fine del 2021&#8230; Un anno particolare con tante sfaccettature, alcune piacevoli, altre non troppo allegre.<\/p>\n\n\n\n<p>Di sicuro uno dei cambiamenti pi\u00f9 importanti \u00e8 stato quello di rassegnare le dimissioni da responsabile tecnico per intraprendere un nuovo lavoro partendo cos\u00ec da zero e accettare delle nuove sfide. Una scelta che ha comportato nell&#8217;ultimo mese di lavoro un carico di stress assurdo mandandomi anche ko&#8230; ma dopo ogni caduta ci si rialza, pi\u00f9 forti di prima e avendo maturato esperienza che dovrebbe impedire di commettere nuovamente lo stesso errore nel futuro.<\/p>\n\n\n\n<div class=\"wp-block-image\"><figure class=\"aligncenter size-large is-resized\"><img fetchpriority=\"high\" decoding=\"async\" src=\"http:\/\/cbt.dyndns.org\/federicoboscolo\/wp-content\/uploads\/2021\/12\/102458139_3103369363079203_1199260946145476608_n-1024x576.jpg\" alt=\"\" class=\"wp-image-837\" width=\"484\" height=\"271\" srcset=\"https:\/\/www.federicoboscolo.it\/wp-content\/uploads\/2021\/12\/102458139_3103369363079203_1199260946145476608_n-1024x576.jpg 1024w, https:\/\/www.federicoboscolo.it\/wp-content\/uploads\/2021\/12\/102458139_3103369363079203_1199260946145476608_n-300x169.jpg 300w, https:\/\/www.federicoboscolo.it\/wp-content\/uploads\/2021\/12\/102458139_3103369363079203_1199260946145476608_n-768x432.jpg 768w, https:\/\/www.federicoboscolo.it\/wp-content\/uploads\/2021\/12\/102458139_3103369363079203_1199260946145476608_n-1536x864.jpg 1536w, https:\/\/www.federicoboscolo.it\/wp-content\/uploads\/2021\/12\/102458139_3103369363079203_1199260946145476608_n.jpg 2048w\" sizes=\"(max-width: 484px) 100vw, 484px\" \/><figcaption><em>Due Avvolgitori da 13m di lunghezza per piscine pubbliche realizzati nella vecchia azienda prima delle mie dimissioni&#8230; <\/em><\/figcaption><\/figure><\/div>\n\n\n\n<p>Il COVID \u00e8 stato un altro elemento che mi ha (purtroppo) fatto compagnia durante la mia attivit\u00e0 di volontario sulle ambulanze e che mi ha portato a vedere situazioni tristi in alcuni casi e surreali in altre. Mi basta ricordare quando, bardati nelle tute con mascherina FFP, visiera, 4 paia di guanti e tutto il resto, siamo stati derisi e insultati da chi in quel momento aveva chiesto aiuto perch\u00e9 stava male&#8230;<\/p>\n\n\n\n<div class=\"wp-block-image\"><figure class=\"aligncenter size-large is-resized\"><img decoding=\"async\" src=\"http:\/\/cbt.dyndns.org\/federicoboscolo\/wp-content\/uploads\/2021\/12\/IMG-20201114-WA0029-02-768x1024.jpeg\" alt=\"\" class=\"wp-image-834\" width=\"387\" height=\"515\" srcset=\"https:\/\/www.federicoboscolo.it\/wp-content\/uploads\/2021\/12\/IMG-20201114-WA0029-02-768x1024.jpeg 768w, https:\/\/www.federicoboscolo.it\/wp-content\/uploads\/2021\/12\/IMG-20201114-WA0029-02-600x800.jpeg 600w, https:\/\/www.federicoboscolo.it\/wp-content\/uploads\/2021\/12\/IMG-20201114-WA0029-02-225x300.jpeg 225w, https:\/\/www.federicoboscolo.it\/wp-content\/uploads\/2021\/12\/IMG-20201114-WA0029-02-1152x1536.jpeg 1152w, https:\/\/www.federicoboscolo.it\/wp-content\/uploads\/2021\/12\/IMG-20201114-WA0029-02.jpeg 1200w\" sizes=\"(max-width: 387px) 100vw, 387px\" \/><figcaption><em>Ebbene si, sono io in fase di svestizione dopo un intervento COVID&#8230;.<\/em><\/figcaption><\/figure><\/div>\n\n\n\n<p>Ma il 2021 lo ricorder\u00f2 perch\u00e9 mi ha fatto conoscere una persona speciale: una ragazza fantastica con cui sto condividendo la mia vita e che credo proprio sia la mia met\u00e0 mancante&#8230; o come piace definirla a me, la mia 51%<br>Una persona con cui credo proprio che nel 2022 far\u00f2 passi importanti insieme a lei&#8230;<\/p>\n\n\n\n<div class=\"wp-block-image\"><figure class=\"aligncenter size-large\"><img decoding=\"async\" width=\"1024\" height=\"460\" src=\"http:\/\/cbt.dyndns.org\/federicoboscolo\/wp-content\/uploads\/2021\/12\/20211010_141941-01-1024x460.jpeg\" alt=\"\" class=\"wp-image-830\" srcset=\"https:\/\/www.federicoboscolo.it\/wp-content\/uploads\/2021\/12\/20211010_141941-01-1024x460.jpeg 1024w, https:\/\/www.federicoboscolo.it\/wp-content\/uploads\/2021\/12\/20211010_141941-01-scaled-600x270.jpeg 600w, https:\/\/www.federicoboscolo.it\/wp-content\/uploads\/2021\/12\/20211010_141941-01-300x135.jpeg 300w, https:\/\/www.federicoboscolo.it\/wp-content\/uploads\/2021\/12\/20211010_141941-01-768x345.jpeg 768w, https:\/\/www.federicoboscolo.it\/wp-content\/uploads\/2021\/12\/20211010_141941-01-1536x691.jpeg 1536w, https:\/\/www.federicoboscolo.it\/wp-content\/uploads\/2021\/12\/20211010_141941-01-2048x921.jpeg 2048w\" sizes=\"(max-width: 1024px) 100vw, 1024px\" \/><\/figure><\/div>\n\n\n\n<p><em>Goodbye 2021, Welcome 2022<\/em>!<\/p>\n","protected":false},"excerpt":{"rendered":"<p>Siamo arrivati alla fine del 2021&#8230; Un anno particolare con tante sfaccettature, alcune piacevoli, altre non troppo allegre. Di sicuro uno dei cambiamenti pi\u00f9 importanti \u00e8 stato quello di rassegnare le dimissioni da responsabile tecnico per intraprendere un nuovo lavoro partendo cos\u00ec da zero e accettare delle nuove sfide. Una scelta che ha comportato nell&#8217;ultimo [&hellip;]<\/p>\n","protected":false},"author":2,"featured_media":817,"comment_status":"open","ping_status":"open","sticky":false,"template":"","format":"standard","meta":{"ngg_post_thumbnail":0,"footnotes":""},"categories":[8],"tags":[150,153,152,62,151],"class_list":["post-816","post","type-post","status-publish","format-standard","has-post-thumbnail","hentry","category-altro","tag-150","tag-amicizia","tag-amore","tag-lavoro","tag-riflessioni"],"_links":{"self":[{"href":"https:\/\/www.federicoboscolo.it\/index.php\/wp-json\/wp\/v2\/posts\/816","targetHints":{"allow":["GET"]}}],"collection":[{"href":"https:\/\/www.federicoboscolo.it\/index.php\/wp-json\/wp\/v2\/posts"}],"about":[{"href":"https:\/\/www.federicoboscolo.it\/index.php\/wp-json\/wp\/v2\/types\/post"}],"author":[{"embeddable":true,"href":"https:\/\/www.federicoboscolo.it\/index.php\/wp-json\/wp\/v2\/users\/2"}],"replies":[{"embeddable":true,"href":"https:\/\/www.federicoboscolo.it\/index.php\/wp-json\/wp\/v2\/comments?post=816"}],"version-history":[{"count":6,"href":"https:\/\/www.federicoboscolo.it\/index.php\/wp-json\/wp\/v2\/posts\/816\/revisions"}],"predecessor-version":[{"id":871,"href":"https:\/\/www.federicoboscolo.it\/index.php\/wp-json\/wp\/v2\/posts\/816\/revisions\/871"}],"wp:featuredmedia":[{"embeddable":true,"href":"https:\/\/www.federicoboscolo.it\/index.php\/wp-json\/wp\/v2\/media\/817"}],"wp:attachment":[{"href":"https:\/\/www.federicoboscolo.it\/index.php\/wp-json\/wp\/v2\/media?parent=816"}],"wp:term":[{"taxonomy":"category","embeddable":true,"href":"https:\/\/www.federicoboscolo.it\/index.php\/wp-json\/wp\/v2\/categories?post=816"},{"taxonomy":"post_tag","embeddable":true,"href":"https:\/\/www.federicoboscolo.it\/index.php\/wp-json\/wp\/v2\/tags?post=816"}],"curies":[{"name":"wp","href":"https:\/\/api.w.org\/{rel}","templated":true}]}}